{"id":40,"date":"2026-01-30T18:48:16","date_gmt":"2026-01-30T18:48:16","guid":{"rendered":"https:\/\/www.maasanaliz.com\/blog\/2026da-bordronuzdaki-o-surpriz-kesinti-gelir-vergisi-dilimi-tuzagindan-kurtulma-kilavuzu-uzmanindan-pratik-bilgiler-ve-2026-rehberi\/"},"modified":"2026-01-30T18:55:18","modified_gmt":"2026-01-30T18:55:18","slug":"2026da-bordronuzdaki-o-surpriz-kesinti-gelir-vergisi-dilimi-tuzagindan-kurtulma-kilavuzu-uzmanindan-pratik-bilgiler-ve-2026-rehberi","status":"publish","type":"post","link":"https:\/\/www.maasanaliz.com\/blog\/2026da-bordronuzdaki-o-surpriz-kesinti-gelir-vergisi-dilimi-tuzagindan-kurtulma-kilavuzu-uzmanindan-pratik-bilgiler-ve-2026-rehberi\/","title":{"rendered":"2026&#8217;da Bordronuzdaki O &#8216;S\u00fcrpriz&#8217; Kesinti: Gelir Vergisi Dilimi Tuza\u011f\u0131ndan Kurtulma K\u0131lavuzu.: Uzman\u0131ndan Pratik Bilgiler ve 2026 Rehberi"},"content":{"rendered":"<div class=\"expert-article-v13\">\n<p style=\"font-style: italic; color: #7f8c8d; margin-bottom: 20px;\">Bu i\u00e7erik, Bordro Uzman\u0131m\u0131z taraf\u0131ndan 2026 y\u0131l\u0131 g\u00fcncel verileriyle revize edilmi\u015ftir.<\/p>\n<h2 style=\"color: #1a252f; border-bottom: 2px solid #3498db; padding-bottom: 10px; margin-top: 35px;\">2026&#8217;da Bordronuzdaki O &#8216;S\u00fcrpriz&#8217; Kesinti: Gelir Vergisi Dilimi Tuza\u011f\u0131ndan Kurtulma K\u0131lavuzu<\/h2>\n<p>Bir bordro uzman\u0131 ve finansal dan\u0131\u015fman olarak, kariyerimin b\u00fcy\u00fck bir b\u00f6l\u00fcm\u00fcnde \u015firketlerin en yetenekli \u00e7al\u0131\u015fanlar\u0131n\u0131 elde tutma \u00e7abalar\u0131na \u015fahit oldum. Y\u00fcksek <a style=\"color: #3498db; font-weight: 600;\" href=\"https:\/\/www.maasanaliz.com\/enflasyon.php\">enflasyon<\/a> ortam\u0131nda maa\u015flar artt\u0131, ancak \u00e7al\u0131\u015fanlar\u0131n y\u00fcz\u00fcndeki memnuniyet genellikle y\u0131l\u0131n ikinci yar\u0131s\u0131nda yerini sessiz bir hayal k\u0131r\u0131kl\u0131\u011f\u0131na b\u0131rakt\u0131.<\/p>\n<p>Br\u00fct maa\u015f\u0131n\u0131z de\u011fi\u015fmedi\u011fi halde, eyl\u00fcl, ekim aylar\u0131 geldi\u011finde net maa\u015f\u0131n\u0131z\u0131n eridi\u011fini fark etmek, maa\u015f bordrosuyla ya\u015fayan her profesyonelin ortak sorunudur. Bu durum, bir hata de\u011fil, T\u00fcrkiye\u2019nin a\u015famal\u0131 (m\u00fcterakki) vergilendirme sisteminin ka\u00e7\u0131n\u0131lmaz bir sonucudur.<\/p>\n<p>2026 y\u0131l\u0131na do\u011fru ilerlerken, y\u0131ll\u0131k vergi dilimi ayarlamalar\u0131n\u0131n getirece\u011fi yeni e\u015fikler, \u00f6zellikle orta ve \u00fcst d\u00fczey gelir grubundaki \u00e7al\u0131\u015fanlar i\u00e7in kritik bir planlama konusu haline geliyor. Bu durum, sadece \u00e7al\u0131\u015fan\u0131n c\u00fczdan\u0131n\u0131 de\u011fil, ayn\u0131 zamanda i\u015fverenin b\u00fct\u00e7e y\u00f6netimini ve \u00e7al\u0131\u015fan ba\u011fl\u0131l\u0131\u011f\u0131n\u0131 da do\u011frudan etkiliyor.<\/p>\n<p>Bu makalede, 2026&#8217;da kar\u015f\u0131la\u015faca\u011f\u0131n\u0131z bu &#8220;s\u00fcrpriz&#8221; kesintiyi nas\u0131l \u00f6nceden tahmin edece\u011finizi ve finansal stratejinizi bu duruma g\u00f6re nas\u0131l optimize edece\u011finizi detayl\u0131ca inceleyece\u011fiz.<\/p>\n<p>***<\/p>\n<h2 style=\"color: #1a252f; border-bottom: 2px solid #3498db; padding-bottom: 10px; margin-top: 35px;\">1. Gelir Matrah\u0131 Neden Y\u0131l Ortas\u0131nda Net Maa\u015f\u0131 Eriyor? Sekt\u00f6rel Giri\u015f<\/h2>\n<p>T\u00fcrkiye i\u015f d\u00fcnyas\u0131nda maa\u015f g\u00f6r\u00fc\u015fmeleri genellikle br\u00fct \u00fczerinden yap\u0131l\u0131r. \u00c7al\u0131\u015fan, anla\u015ft\u0131\u011f\u0131 br\u00fct rakam\u0131n yakla\u015f\u0131k %70-75\u2019ini net olarak almay\u0131 bekler. Ancak bu oran, y\u0131l i\u00e7inde sabit kalmaz.<\/p>\n<p>Gelin, ortalama bir \u00e7al\u0131\u015fan\u0131n y\u0131l i\u00e7indeki duygusal d\u00f6ng\u00fcs\u00fcne bakal\u0131m:<br \/>\n1. <strong>Ocak &#8211; Mart:<\/strong> Y\u0131lba\u015f\u0131 zamm\u0131yla maa\u015flar taze, kesinti oran\u0131 d\u00fc\u015f\u00fck (genellikle %15), motivasyon y\u00fcksek.<br \/>\n2. <strong>Nisan &#8211; Temmuz:<\/strong> Kesintiler hafif\u00e7e artmaya ba\u015flar, ancak hen\u00fcz fark edilmez d\u00fczeydedir.<br \/>\n3. <strong>A\u011fustos &#8211; Aral\u0131k:<\/strong> \u0130\u015fte kritik d\u00f6nem. \u00c7al\u0131\u015fan\u0131n k\u00fcm\u00fclatif vergi matrah\u0131 h\u0131zla bir \u00fcst dilime (\u00e7o\u011fu zaman %20\u2019den %27\u2019ye) s\u0131\u00e7rar. Bir anda, aylard\u0131r al\u0131nan net maa\u015f 1.500 TL ila 5.000 TL (gelir seviyesine ba\u011fl\u0131 olarak) aras\u0131nda d\u00fc\u015fer.<\/p>\n<p>Bu d\u00fc\u015f\u00fc\u015f, zam beklentisiyle ya\u015fayan \u00e7al\u0131\u015fan i\u00e7in ciddi bir moral bozuklu\u011funa neden olur. \u00c7al\u0131\u015fanlar, br\u00fct maa\u015f\u0131n\u0131n sabit kalmas\u0131na ra\u011fmen, al\u0131m g\u00fcc\u00fcn\u00fcn vergi makas\u0131 nedeniyle d\u00fc\u015ft\u00fc\u011f\u00fcn\u00fc hissederler. \u0130\u015fverenler i\u00e7in ise bu, &#8220;gizli bir maliyet&#8221; veya &#8220;\u00e7al\u0131\u015fan\u0131 elde tutma sorunu&#8221; demektir. 2026 planlamas\u0131, bu d\u00f6ng\u00fcn\u00fcn etkilerini en aza indirmek \u00fczerine kurulmal\u0131d\u0131r.<\/p>\n<p>***<\/p>\n<h2 style=\"color: #1a252f; border-bottom: 2px solid #3498db; padding-bottom: 10px; margin-top: 35px;\">2. Vergi Dilimleri 2026 Nedir? Uzman\u0131n Dilinden Sade Bir A\u00e7\u0131klama<\/h2>\n<p>Maliye, Gelir Vergisi Kanunu (GVK) madde 103 uyar\u0131nca, gelirinizi vergilendirirken tek bir oran kullanmaz. Geliriniz artt\u0131k\u00e7a, \u00f6dedi\u011finiz verginin marjinal oran\u0131 da artar. Buna, a\u015famal\u0131 (progressif) vergilendirme sistemi diyoruz.<\/p>\n<p>Her y\u0131l\u0131n sonunda, Maliye Bakanl\u0131\u011f\u0131, yeniden de\u011ferleme oran\u0131n\u0131 dikkate alarak bir sonraki y\u0131l\u0131n vergi dilimi e\u015fiklerini (matrahlar\u0131n\u0131) belirler ve bunlar\u0131 Resmi Gazete\u2019de yay\u0131nlar.<\/p>\n<p><strong>Odak Nokta: K\u00fcm\u00fclatif Vergi Matrah\u0131<\/strong><\/p>\n<p>Buradaki kritik kavram, *ayl\u0131k kazanc\u0131n\u0131z* de\u011fil, *k\u00fcm\u00fclatif vergi matrah\u0131n\u0131zd\u0131r*.<\/p>\n<p>Basit\u00e7e ifade etmek gerekirse: Her ay, br\u00fct maa\u015f\u0131n\u0131zdan i\u015f\u00e7i pay\u0131na d\u00fc\u015fen SGK primleri (%14 \u0130\u015f\u00e7i + %1 \u0130\u015fsizlik) d\u00fc\u015f\u00fcl\u00fcr. Geriye kalan tutar, o aya ait vergi matrah\u0131n\u0131zd\u0131r. Bu matrahlar, y\u0131l boyunca \u00fcst \u00fcste eklenir. Biriken toplam, sizi hangi vergi dilimine yerle\u015ftirece\u011fimizi g\u00f6sterir.<\/p>\n<h3 style=\"color: #2c3e50; margin-top: 25px;\">2026 \u0130\u00e7in Vergi Dilimi Tablosu<\/h3>\n<p>*Not: 2026 rakamlar\u0131 hen\u00fcz kesinle\u015fmedi\u011fi i\u00e7in, mevcut ekonomik g\u00f6stergeler ve yeniden de\u011ferleme beklentileri \u0131\u015f\u0131\u011f\u0131nda, 2024 rakamlar\u0131na g\u00f6re anlaml\u0131 \u00f6l\u00e7\u00fcde y\u00fcksek, varsay\u0131msal e\u015fikler kullan\u0131lm\u0131\u015ft\u0131r.*<\/p>\n<p>| Vergi Dilimi Oran\u0131 | K\u00fcm\u00fclatif Vergi Matrah\u0131 (TL) | Etkisi |<\/p>\n<table style=\"font-weight: 400;\">\n<tbody>\n<tr>\n<td>190.000 TL\u2019ye kadar<\/td>\n<td>15%<\/td>\n<\/tr>\n<tr>\n<td>400.000 TL\u2019nin 190.000 TL\u2019si i\u00e7in 28.500 TL, fazlas\u0131<\/td>\n<td>20%<\/td>\n<\/tr>\n<tr>\n<td>1.000.000 TL&#8217;nin 400.000 TL\u2019si i\u00e7in 70.500 TL, (<b><strong>\u00fccret gelirlerinde<\/strong><\/b><\/p>\n<p><b><strong>1.500.000 TL&#8217;nin 400.000 TL\u2019si i\u00e7in 70.500 TL),<\/strong><\/b>\u00a0fazlas\u0131<\/td>\n<td>27%<\/td>\n<\/tr>\n<tr>\n<td>5.300.000 TL&#8217;nin 1.000.000 TL\u2019si i\u00e7in 232.500 TL, (<b><strong>\u00fccret gelirlerinde<\/strong><\/b><\/p>\n<p><b><strong>5.300.000 TL&#8217;nin 1.500.000 TL\u2019si i\u00e7in 367.500 TL<\/strong><\/b>), fazlas\u0131<\/td>\n<td>35%<\/td>\n<\/tr>\n<tr>\n<td>5.300.000 TL&#8217;den fazlas\u0131n\u0131n 5.300.000 TL\u2019si i\u00e7in 1.737.500 TL, (<b><strong>\u00fccret gelirlerinde 5.300.000 TL\u2019den fazlas\u0131n\u0131n 5.300.000 TL\u2019si i\u00e7in 1.697.500 TL<\/strong><\/b>), fazlas\u0131<\/td>\n<td>40%<\/td>\n<\/tr>\n<\/tbody>\n<\/table>\n<p>Maa\u015f\u0131n\u0131z\u0131n %15\u2019ten %20\u2019ye s\u0131\u00e7ramas\u0131 bile netinizde hissedilir bir d\u00fc\u015f\u00fc\u015f yarat\u0131r; ancak as\u0131l darbe, %27\u2019ye ge\u00e7i\u015fte ya\u015fan\u0131r. Bu, bordro y\u00f6netiminde en \u00e7ok dikkat etmemiz gereken e\u015fiktir.<\/p>\n<p>***<\/p>\n<h2 style=\"color: #1a252f; border-bottom: 2px solid #3498db; padding-bottom: 10px; margin-top: 35px;\">3. Hesaplama Dinamikleri: Vergi Dilimine Ge\u00e7i\u015f An\u0131<\/h2>\n<p>Hesaplamay\u0131 anlamak i\u00e7in, bir senaryo \u00fczerinden ilerleyelim.<\/p>\n<p><strong>Senaryo: Orta D\u00fczey Y\u00f6netici (Vergi Dilimleri 2026 Oda\u011f\u0131)<\/strong><\/p>\n<ul>\n<li style=\"list-style-type: none;\">\n<ul>\n<li><strong>Br\u00fct Ayl\u0131k \u00dccret (Sabit):<\/strong> 75.000 TL<\/li>\n<\/ul>\n<\/li>\n<\/ul>\n<p>&nbsp;<\/p>\n<ul>\n<li style=\"list-style-type: none;\">\n<ul>\n<li><strong>Ayl\u0131k SGK Kesintisi (\u0130\u015f\u00e7i Pay\u0131 %15):<\/strong> 11.250 TL<\/li>\n<\/ul>\n<\/li>\n<\/ul>\n<p>&nbsp;<\/p>\n<ul>\n<li><strong>Ayl\u0131k Vergi Matrah\u0131:<\/strong> 75.000 TL &#8211; 11.250 TL = 63.750 TL<\/li>\n<\/ul>\n<p>Bu y\u00f6netici, her ay 63.750 TL vergi matrah\u0131 biriktirecektir.<\/p>\n<p><strong>Kritik Ge\u00e7i\u015f Noktalar\u0131n\u0131n Hesaplanmas\u0131:<\/strong><\/p>\n<p>Y\u00f6neticinin k\u00fcm\u00fclatif matrah\u0131 ne zaman \u00fcst dilime ge\u00e7ecek? (Yukar\u0131daki varsay\u0131msal 2026 e\u015fiklerini kullan\u0131yoruz).<\/p>\n<p>1. <strong>%15 Dilimini A\u015fma (180.000 TL):<\/strong><\/p>\n<ul>\n<li style=\"list-style-type: none;\">\n<ul>\n<li>180.000 TL \/ 63.750 TL \u2248 2.82 ay.<\/li>\n<\/ul>\n<\/li>\n<\/ul>\n<p>&nbsp;<\/p>\n<ul>\n<li>Yani bu y\u00f6netici, <strong>Mart ay\u0131 bordrosunda<\/strong> k\u00fcm\u00fclatif matrah\u0131 180.000 TL\u2019yi ge\u00e7ecek ve Mart ay\u0131n\u0131n son kalan matrah k\u0131sm\u0131 %20 ile vergilendirilecektir. Nisan ay\u0131ndan itibaren ise matrah\u0131n\u0131n tamam\u0131 %20 \u00fczerinden hesaplanacakt\u0131r.<\/li>\n<\/ul>\n<p>2. <strong>%27 Dilimine S\u0131\u00e7rama (400.000 TL):<\/strong><\/p>\n<ul>\n<li style=\"list-style-type: none;\">\n<ul>\n<li>400.000 TL \/ 63.750 TL \u2248 6.27 ay.<\/li>\n<\/ul>\n<\/li>\n<\/ul>\n<p>&nbsp;<\/p>\n<ul>\n<li>Bu, y\u00f6neticinin <strong>Temmuz ay\u0131 bordrosunda<\/strong> k\u00fcm\u00fclatif matrah\u0131n\u0131n 400.000 TL\u2019yi a\u015faca\u011f\u0131 anlam\u0131na gelir. A\u011fustos ay\u0131ndan itibaren bu ki\u015finin maa\u015f\u0131ndan kesilecek Gelir Vergisi oran\u0131 %27 olacakt\u0131r.<\/li>\n<\/ul>\n<h3 style=\"color: #2c3e50; margin-top: 25px;\">Net Maa\u015f Fark\u0131: %20 ve %27 Dilimi Kar\u015f\u0131la\u015ft\u0131rmas\u0131<\/h3>\n<p>Ayn\u0131 br\u00fct \u00fccret ve ayn\u0131 SGK kesintisi olmas\u0131na ra\u011fmen, sadece vergi oran\u0131n\u0131n de\u011fi\u015fmesi, \u00e7al\u0131\u015fan\u0131n cebine giren paray\u0131 nas\u0131l etkiler?<\/p>\n<p>| Oran | Vergi Matrah\u0131 (63.750 TL) | Kesilen Gelir Vergisi |<br \/>\n| :&#8212;: | :&#8212;: | :&#8212; |<br \/>\n| <strong>%20 Diliminde (Nisan-Temmuz)<\/strong> | 63.750 TL | 12.750 TL |<br \/>\n| <strong>%27 Diliminde (A\u011fustos-Aral\u0131k)<\/strong> | 63.750 TL | 17.212,50 TL |<br \/>\n| <strong>Fark (Ayl\u0131k Net Kay\u0131p)<\/strong> | | <strong>4.462,50 TL<\/strong> |<\/p>\n<p>Bu tablo, y\u00f6neticinin A\u011fustos ay\u0131ndan itibaren eline ge\u00e7en net \u00fccretin, \u00f6nceki aylara g\u00f6re sadece Gelir Vergisi dilimi nedeniyle 4.462,50 TL daha az olaca\u011f\u0131n\u0131 g\u00f6steriyor. Bu d\u00fc\u015f\u00fc\u015f, herhangi bir zam yap\u0131lmad\u0131\u011f\u0131 s\u00fcrece y\u0131l sonuna kadar devam edecektir.<\/p>\n<p>Bu y\u00fczden bordro y\u00f6neticileri olarak biz, y\u0131l\u0131n ortas\u0131na gelmeden \u00e7al\u0131\u015fanlara bu ge\u00e7i\u015fin etkilerini \u00f6nceden iletmek ve finansal beklentilerini y\u00f6netmelerine yard\u0131mc\u0131 olmak zorunday\u0131z.<\/p>\n<p>***<\/p>\n<h2 style=\"color: #1a252f; border-bottom: 2px solid #3498db; padding-bottom: 10px; margin-top: 35px;\">4. Gizli Detaylar: Bordroda G\u00f6zden Ka\u00e7an Kritik Noktalar<\/h2>\n<p>Vergi dilimi tuza\u011f\u0131ndan ka\u00e7\u0131nmak ya da en az\u0131ndan etkilerini azaltmak m\u00fcmk\u00fcnd\u00fcr. Ancak bu, sadece form\u00fclleri bilmekle olmaz; mevzuattaki ince detaylar\u0131 stratejik kullanmay\u0131 gerektirir.<\/p>\n<h3 style=\"color: #2c3e50; margin-top: 25px;\">A. K\u00fcm\u00fclatif Matrah\u0131n Devri ve \u0130\u015f De\u011fi\u015fikli\u011fi<\/h3>\n<p>\u00c7al\u0131\u015fan\u0131n y\u0131l i\u00e7inde i\u015f de\u011fi\u015ftirmesi, vergi dilimi konusunda en b\u00fcy\u00fck s\u00fcrprizi yarat\u0131r.<\/p>\n<p><strong>Kural:<\/strong> Gelir Vergisi Kanunu\u2019na g\u00f6re, bir \u00e7al\u0131\u015fan y\u0131l i\u00e7inde i\u015f de\u011fi\u015ftirirse, yeni i\u015fveren \u00f6nceki i\u015fverenden ald\u0131\u011f\u0131 toplam k\u00fcm\u00fclatif matrah\u0131 talep etmek zorundad\u0131r. Ancak, \u00e7al\u0131\u015fan bu matrah\u0131 yeni i\u015fverene *bildirmeme* hakk\u0131na sahiptir (GVK Madde 86).<\/p>\n<p><strong>Tuzak:<\/strong> E\u011fer \u00e7al\u0131\u015fan matrah\u0131 bildirmezse, yeni i\u015fveren matrah\u0131 s\u0131f\u0131rdan ba\u015flat\u0131r. \u0130lk bak\u0131\u015fta bu, \u00e7al\u0131\u015fana avantajl\u0131 gibi g\u00f6r\u00fcn\u00fcr (daha uzun s\u00fcre %15\u2019ten vergilendirilir). Ancak y\u0131l sonunda, y\u0131l boyunca iki ayr\u0131 i\u015fverenden elde edilen toplam gelir, beyanname verme s\u0131n\u0131r\u0131n\u0131 a\u015fabilir ve \u00e7al\u0131\u015fan, Mart ay\u0131nda toplu bir vergi borcu (tekrar vergi dilimine girme) ile kar\u015f\u0131la\u015fabilir.<\/p>\n<p><strong>Uzman Tavsiyesi:<\/strong> \u00c7al\u0131\u015fan\u0131n, \u00f6nceki k\u00fcm\u00fclatif matrah\u0131n\u0131 mutlaka yeni i\u015fverene bildirmesi, kesintinin aya yay\u0131lmas\u0131n\u0131 ve y\u0131l sonunda s\u00fcrpriz bor\u00e7 \u00e7\u0131kmamas\u0131n\u0131 sa\u011flar. \u015eirketler, i\u015fe al\u0131m s\u00fcre\u00e7lerinde bu bilgiyi resmi olarak talep etmelidir.<\/p>\n<h3 style=\"color: #2c3e50; margin-top: 25px;\">B. Maa\u015f D\u0131\u015f\u0131 \u00d6demelerin Optimizasyonu<\/h3>\n<p>\u0130\u015fverenler, net maa\u015ftaki erimeyi azaltmak i\u00e7in yasal olarak Gelir Vergisinden istisna tutulan \u00f6deme kalemlerini kullanmal\u0131d\u0131r.<\/p>\n<ul>\n<li style=\"list-style-type: none;\">\n<ul>\n<li><strong>Yemek ve Yol Yard\u0131mlar\u0131:<\/strong> G\u00fcncel mevzuat limitleri dahilinde (2024\u2019te belirlenen g\u00fcnl\u00fck tutarlar, 2026\u2019da g\u00fcncellene<\/li>\n<\/ul>\n<\/li>\n<\/ul>\n<div class=\"cta-box\" style=\"background: linear-gradient(135deg, #2c3e50, #34495e); color: #fff; padding: 30px; border-radius: 12px; margin: 40px 0; text-align: center; box-shadow: 0 4px 15px rgba(0,0,0,0.1);\">\n<h3 style=\"color: #fff; margin-top: 0;\">Karma\u015f\u0131k Hesaplamalarla Vakit Kaybetmeyin!<\/h3>\n<p style=\"font-size: 1.1em;\">Hatal\u0131 bordrolardan ve eksik yatan mesailerden s\u0131k\u0131lmad\u0131n\u0131z m\u0131? <strong>Maa\u015f Analiz Mesai Takip Sistemi<\/strong> ile her \u015feyi otomati\u011fe ba\u011flay\u0131n.<\/p>\n<div style=\"margin-top: 20px;\"><a style=\"background: #e67e22; color: #fff; padding: 12px 25px; border-radius: 30px; text-decoration: none; font-weight: bold; display: inline-block;\" href=\"https:\/\/www.maasanaliz.com\">Hemen \u00dccretsiz Deneyin<\/a><\/div>\n<\/div>\n<div class=\"tool-links\" style=\"background: #f9f9f9; padding: 20px; border: 1px dashed #bdc3c7; border-radius: 8px;\">\n<h4>Yard\u0131mc\u0131 Hesaplama Ara\u00e7lar\u0131m\u0131z:<\/h4>\n<ul>\n<li><a href=\"https:\/\/www.maasanaliz.com\/zam-farki.php\">Zam Fark\u0131 Hesaplama Mod\u00fcl\u00fc<\/a><\/li>\n<li><a href=\"https:\/\/www.maasanaliz.com\/sendika-zam-hesap.php\">Sendika Zam Hesaplama Arac\u0131<\/a><\/li>\n<li><a href=\"https:\/\/www.maasanaliz.com\/enflasyon.php\">G\u00fcncel Enflasyon Takibi<\/a><\/li>\n<\/ul>\n<\/div>\n<\/div>\n<h2 style=\"margin-top: 40px;\">S\u0131k Sorulan Sorular<\/h2>\n<div style=\"margin-bottom: 15px;\"><strong>Vergi Dilimleri 2026 hesaplamas\u0131 2026&#8217;da de\u011fi\u015fti mi?<\/strong><br \/>\nEvet, gelir vergisi dilimleri ve asgari \u00fccret istisnalar\u0131 her y\u0131l oldu\u011fu gibi 2026&#8217;da da g\u00fcncellenmi\u015ftir.<\/div>\n<div style=\"margin-bottom: 15px;\"><strong>Yanl\u0131\u015f yatan maa\u015f i\u00e7in ka\u00e7 y\u0131l geriye gidilebilir?<\/strong><br \/>\n\u00dccret alacaklar\u0131nda zamana\u015f\u0131m\u0131 s\u00fcresi 5 y\u0131ld\u0131r. Bu s\u00fcre i\u00e7inde hak talep edebilirsiniz.<\/div>\n<div style=\"margin-bottom: 15px;\"><strong>Mesai takibi neden \u00f6nemlidir?<\/strong><br \/>\nEksik \u00f6demelerin \u00f6n\u00fcne ge\u00e7mek ve yasal kan\u0131t olu\u015fturmak i\u00e7in mesailerinizi d\u00fczenli takip etmelisiniz.<\/div>\n<p><script type='application\/ld+json'>{\"@context\":\"https:\\\/\\\/schema.org\",\"@type\":\"FAQPage\",\"mainEntity\":[{\"@type\":\"Question\",\"name\":\"Vergi Dilimleri 2026 hesaplamas\u0131 2026'da de\u011fi\u015fti mi?\",\"acceptedAnswer\":{\"@type\":\"Answer\",\"text\":\"Evet, gelir vergisi dilimleri ve asgari \u00fccret istisnalar\u0131 her y\u0131l oldu\u011fu gibi 2026'da da g\u00fcncellenmi\u015ftir.\"}},{\"@type\":\"Question\",\"name\":\"Yanl\u0131\u015f yatan maa\u015f i\u00e7in ka\u00e7 y\u0131l geriye gidilebilir?\",\"acceptedAnswer\":{\"@type\":\"Answer\",\"text\":\"\u00dccret alacaklar\u0131nda zamana\u015f\u0131m\u0131 s\u00fcresi 5 y\u0131ld\u0131r. Bu s\u00fcre i\u00e7inde hak talep edebilirsiniz.\"}},{\"@type\":\"Question\",\"name\":\"Mesai takibi neden \u00f6nemlidir?\",\"acceptedAnswer\":{\"@type\":\"Answer\",\"text\":\"Eksik \u00f6demelerin \u00f6n\u00fcne ge\u00e7mek ve yasal kan\u0131t olu\u015fturmak i\u00e7in mesailerinizi d\u00fczenli takip etmelisiniz.\"}}]}<\/script><\/p>\n","protected":false},"excerpt":{"rendered":"<p>Bu i\u00e7erik, Bordro Uzman\u0131m\u0131z taraf\u0131ndan 2026 y\u0131l\u0131 g\u00fcncel verileriyle revize edilmi\u015ftir. 2026&#8217;da Bordronuzdaki O &#8216;S\u00fcrpriz&#8217; Kesinti: Gelir Vergisi Dilimi Tuza\u011f\u0131ndan Kurtulma K\u0131lavuzu Bir bordro uzman\u0131 ve finansal dan\u0131\u015fman olarak, kariyerimin b\u00fcy\u00fck bir b\u00f6l\u00fcm\u00fcnde \u015firketlerin en yetenekli \u00e7al\u0131\u015fanlar\u0131n\u0131 elde tutma \u00e7abalar\u0131na \u015fahit oldum. Y\u00fcksek enflasyon ortam\u0131nda maa\u015flar artt\u0131, ancak \u00e7al\u0131\u015fanlar\u0131n y\u00fcz\u00fcndeki memnuniyet genellikle y\u0131l\u0131n ikinci yar\u0131s\u0131nda [&hellip;]<\/p>\n","protected":false},"author":1,"featured_media":42,"comment_status":"open","ping_status":"open","sticky":false,"template":"","format":"standard","meta":{"footnotes":""},"categories":[1],"tags":[],"class_list":["post-40","post","type-post","status-publish","format-standard","has-post-thumbnail","hentry","category-uncategorized"],"_links":{"self":[{"href":"https:\/\/www.maasanaliz.com\/blog\/wp-json\/wp\/v2\/posts\/40","targetHints":{"allow":["GET"]}}],"collection":[{"href":"https:\/\/www.maasanaliz.com\/blog\/wp-json\/wp\/v2\/posts"}],"about":[{"href":"https:\/\/www.maasanaliz.com\/blog\/wp-json\/wp\/v2\/types\/post"}],"author":[{"embeddable":true,"href":"https:\/\/www.maasanaliz.com\/blog\/wp-json\/wp\/v2\/users\/1"}],"replies":[{"embeddable":true,"href":"https:\/\/www.maasanaliz.com\/blog\/wp-json\/wp\/v2\/comments?post=40"}],"version-history":[{"count":1,"href":"https:\/\/www.maasanaliz.com\/blog\/wp-json\/wp\/v2\/posts\/40\/revisions"}],"predecessor-version":[{"id":43,"href":"https:\/\/www.maasanaliz.com\/blog\/wp-json\/wp\/v2\/posts\/40\/revisions\/43"}],"wp:featuredmedia":[{"embeddable":true,"href":"https:\/\/www.maasanaliz.com\/blog\/wp-json\/wp\/v2\/media\/42"}],"wp:attachment":[{"href":"https:\/\/www.maasanaliz.com\/blog\/wp-json\/wp\/v2\/media?parent=40"}],"wp:term":[{"taxonomy":"category","embeddable":true,"href":"https:\/\/www.maasanaliz.com\/blog\/wp-json\/wp\/v2\/categories?post=40"},{"taxonomy":"post_tag","embeddable":true,"href":"https:\/\/www.maasanaliz.com\/blog\/wp-json\/wp\/v2\/tags?post=40"}],"curies":[{"name":"wp","href":"https:\/\/api.w.org\/{rel}","templated":true}]}}