{"id":47,"date":"2026-02-15T13:18:04","date_gmt":"2026-02-15T13:18:04","guid":{"rendered":"https:\/\/www.maasanaliz.com\/blog\/?p=47"},"modified":"2026-02-15T13:27:53","modified_gmt":"2026-02-15T13:27:53","slug":"emekli-maasi-baglama-orani","status":"publish","type":"post","link":"https:\/\/www.maasanaliz.com\/blog\/emekli-maasi-baglama-orani\/","title":{"rendered":"EYT ve Yeni Emeklilik Sistemi: Emekli Maa\u015f\u0131 Ba\u011flama Oranlar\u0131 (ABO) Nas\u0131l \u00c7al\u0131\u015f\u0131r? \u00c7al\u0131\u015ft\u0131k\u00e7a Emekli Maa\u015f\u0131 D\u00fc\u015fer mi?"},"content":{"rendered":"\n<!-- WordPress HTML Ba\u015flang\u0131c\u0131 -->\n\n<p>\u00c7al\u0131\u015fma hayat\u0131n\u0131n son d\u00fczl\u00fc\u011f\u00fcne giren milyonlarca \u00e7al\u0131\u015fan\u0131n, \u00f6zellikle de EYT (Emeklilikte Ya\u015fa Tak\u0131lanlar) d\u00fczenlemesi sonras\u0131nda zihnini kurcalayan tek bir soru var: <strong>&#8220;Emekli maa\u015f\u0131 ba\u011flama oranlar\u0131 (ABO) nas\u0131l \u00e7al\u0131\u015f\u0131r ve ben \u00e7al\u0131\u015fmaya devam edersem maa\u015f\u0131m erir mi?&#8221;<\/strong><\/p>\n\n<p>Bir \u0130nsan Kaynaklar\u0131 Direkt\u00f6r\u00fc olarak bu endi\u015feyi \u00e7ok s\u0131k duyuyorum ve hakl\u0131s\u0131n\u0131z; bu s\u00fcre\u00e7te verilecek yanl\u0131\u015f bir karar, \u00f6m\u00fcr boyu alaca\u011f\u0131n\u0131z geliri etkileyebilir. Beklenenden d\u00fc\u015f\u00fck maa\u015f ba\u011flanmas\u0131 veya k\u0131dem tazminat\u0131 haklar\u0131n\u0131n yanl\u0131\u015f y\u00f6netilmesi gibi riskler, sadece son maa\u015f\u0131n\u0131za de\u011fil, t\u00fcm \u00e7al\u0131\u015fma ge\u00e7mi\u015finize dayanan karma\u015f\u0131k bir hesaplaman\u0131n sonucudur.<\/p>\n\n<p>Bu makalede, 5510 Say\u0131l\u0131 Kanun ve ilgili mevzuatlar \u0131\u015f\u0131\u011f\u0131nda, \u00e7al\u0131\u015ft\u0131k\u00e7a emekli maa\u015f\u0131n\u0131n ne zaman d\u00fc\u015f\u00fcp ne zaman artaca\u011f\u0131n\u0131 t\u00fcm \u015feffafl\u0131\u011f\u0131yla inceleyece\u011fiz.<\/p>\n\n<h2>Emekli Maa\u015f\u0131 Ba\u011flama Oran\u0131 (ABO) Nedir?<\/h2>\n\n<p>Emekli maa\u015f\u0131 ba\u011flama oran\u0131 (ABO), bir sigortal\u0131n\u0131n \u00e7al\u0131\u015fma hayat\u0131 boyunca kazand\u0131\u011f\u0131 ortalama ayl\u0131k gelirin, emekli oldu\u011funda kendisine maa\u015f olarak ba\u011flanacak y\u00fczdesini ifade eder. Ancak bu oran sabit de\u011fildir; \u00e7al\u0131\u015fma d\u00f6nemlerinize g\u00f6re radikal de\u011fi\u015fiklikler g\u00f6sterir.<\/p>\n\n<p>Yasal dayana\u011f\u0131n\u0131 5510 Say\u0131l\u0131 Sosyal Sigortalar ve Genel Sa\u011fl\u0131k Sigortas\u0131 Kanunu ile ge\u00e7i\u015f h\u00fck\u00fcmlerinden alan bu sistemde, maa\u015f\u0131n\u0131z tek bir havuzda de\u011fil, \u00fc\u00e7 ayr\u0131 d\u00f6nemde hesaplan\u0131r.<\/p>\n\n<h3>Emekli Maa\u015f\u0131n\u0131 Belirleyen 3 Kritik D\u00f6nem<\/h3>\n\n<p>Maa\u015f\u0131n\u0131z\u0131n kaderini, prim g\u00fcnlerinizin hangi y\u0131llara da\u011f\u0131ld\u0131\u011f\u0131 belirler:<\/p>\n\n<ul>\n    <li><strong>2000 Y\u0131l\u0131 \u00d6ncesi D\u00f6nem (Y\u00fcksek ABO):<\/strong> Sistemin en c\u00f6mert oldu\u011fu d\u00f6nemdir. G\u00f6sterge sistemi esas al\u0131n\u0131r ve ba\u011flama oranlar\u0131 olduk\u00e7a y\u00fcksektir (%70-75 band\u0131na \u00e7\u0131kabilir).<\/li>\n    <li><strong>2000 \u2013 2008 Aras\u0131 D\u00f6nem (Orta ABO):<\/strong> Sistem de\u011fi\u015fmi\u015f, b\u00fcy\u00fcme h\u0131z\u0131 ve T\u00dcFE (Enflasyon) devreye girmi\u015ftir. Maa\u015fa katk\u0131s\u0131 ortalama seviyededir.<\/li>\n    <li><strong>2008 Sonras\u0131 D\u00f6nem (D\u00fc\u015f\u00fck ABO):<\/strong> En \u00e7ok tart\u0131\u015f\u0131lan d\u00f6nemdir. 5510 Say\u0131l\u0131 Kanun ile birlikte ayl\u0131k ba\u011flama oran\u0131 y\u0131ll\u0131k %2&#8217;ye sabitlenmi\u015f ve Milli Gelir art\u0131\u015f h\u0131z\u0131n\u0131n (Geli\u015fme H\u0131z\u0131) sadece %30&#8217;u dikkate al\u0131nmaya ba\u015flanm\u0131\u015ft\u0131r.<\/li>\n<\/ul>\n\n<!-- Vurgulu Uzman Notu Kutusu -->\n<div style=\"background-color: #eef2f7; border-left: 5px solid #2c3e50; padding: 15px; margin: 20px 0;\">\n    <strong>Uzman Notu:<\/strong> Emekli maa\u015f\u0131ndaki d\u00fc\u015f\u00fc\u015f riskinin temel kayna\u011f\u0131, 2008 sonras\u0131 d\u00f6nemdeki bu hesaplama y\u00f6ntemidir.\n<\/div>\n\n<h2>Kritik Soru: \u00c7al\u0131\u015ft\u0131k\u00e7a Emekli Maa\u015f\u0131 D\u00fc\u015fer mi?<\/h2>\n\n<p>Bu sorunun cevab\u0131 herkes i\u00e7in &#8220;Evet&#8221; de\u011fildir. Cevap, SGK&#8217;ya bildirilen br\u00fct kazanc\u0131n\u0131za g\u00f6re de\u011fi\u015fir.<\/p>\n\n<h3>Maa\u015f\u0131n D\u00fc\u015fme Riski Olan Durumlar<\/h3>\n<p>Yasal mevzuata g\u00f6re, \u00f6zellikle 2008 sonras\u0131 d\u00f6nemde:<\/p>\n<ul>\n    <li>Asgari \u00dccret veya Asgari \u00dccrete Yak\u0131n prim yat\u0131r\u0131l\u0131yorsa,<\/li>\n    <li>2000 \u00f6ncesi prim g\u00fcnleri \u00e7ok fazlayken (y\u00fcksek ABO), son y\u0131llarda d\u00fc\u015f\u00fck kazan\u00e7 bildiriliyorsa;<\/li>\n<\/ul>\n<p>Sisteme eklenen her yeni &#8220;d\u00fc\u015f\u00fck kazan\u00e7l\u0131&#8221; g\u00fcn, ge\u00e7mi\u015fteki y\u00fcksek ortalamay\u0131 a\u015fa\u011f\u0131 \u00e7eker. Bu durumda \u00e7al\u0131\u015ft\u0131k\u00e7a emekli maa\u015f\u0131n\u0131zda teknik bir d\u00fc\u015f\u00fc\u015f veya yerinde sayma durumu ya\u015fanabilir.<\/p>\n\n<h3>Maa\u015f\u0131n Artaca\u011f\u0131 Durumlar<\/h3>\n<p>E\u011fer br\u00fct maa\u015f\u0131n\u0131z SGK tavan\u0131na (Asgari \u00fccretin 7,5 kat\u0131) yak\u0131nsa veya ortalaman\u0131n \u00e7ok \u00fczerindeyse; \u00e7al\u0131\u015ft\u0131\u011f\u0131n\u0131z her ay &#8220;Ortalama Ayl\u0131k Kazanc\u0131n\u0131z\u0131&#8221; y\u00fckseltece\u011fi i\u00e7in emekli maa\u015f\u0131n\u0131z da artmaya devam eder.<\/p>\n\n<h2>Ad\u0131m Ad\u0131m Hesaplama Mant\u0131\u011f\u0131 (\u00d6rnek Senaryo)<\/h2>\n\n<p>Hesaplaman\u0131n mant\u0131\u011f\u0131n\u0131 kavraman\u0131z i\u00e7in 2024-2025 verileri \u0131\u015f\u0131\u011f\u0131nda basitle\u015ftirilmi\u015f bir \u00f6rnek \u00fczerinden gidelim.<\/p>\n\n<div style=\"background-color: #f9f9f9; padding: 15px; border-radius: 5px;\">\n    <strong>Profil:<\/strong>\n    <ul>\n        <li><strong>Br\u00fct Maa\u015f:<\/strong> 30.000 TL (Asgari \u00fccretin \u00fczerinde, tavan\u0131n alt\u0131nda)<\/li>\n        <li><strong>Toplam Prim:<\/strong> 7.200 G\u00fcn<\/li>\n        <li><strong>Hizmet S\u00fcresi:<\/strong> 24 Y\u0131l<\/li>\n    <\/ul>\n<\/div>\n\n<h3>Hesaplama Ad\u0131mlar\u0131:<\/h3>\n<ol>\n    <li><strong>Ortalama Kazanc\u0131n Tespiti:<\/strong> SGK, t\u00fcm y\u0131llardaki kazan\u00e7lar\u0131n\u0131z\u0131 &#8220;G\u00fcncelleme Katsay\u0131s\u0131&#8221; (Enflasyon + B\u00fcy\u00fcme H\u0131z\u0131) ile bug\u00fcnk\u00fc de\u011fere getirir. Diyelim ki g\u00fcncellenmi\u015f ortalama ayl\u0131k kazanc\u0131n\u0131z 22.000 TL bulundu.<\/li>\n    <li><strong>ABO Hesab\u0131:<\/strong> 2008 sonras\u0131 sistemde her y\u0131l i\u00e7in %2 oran verilir.<br>\n    <em>Form\u00fcl: 20 Y\u0131l x %2 = %40 ABO<\/em><\/li>\n    <li><strong>Maa\u015f Hesab\u0131:<\/strong><br>\n    <em>Form\u00fcl: Ortalama Kazan\u00e7 x ABO<\/em><br>\n    <em>Sonu\u00e7: 22.000 TL x %40 = <strong>8.800 TL<\/strong><\/em><\/li>\n<\/ol>\n\n<p><em>Not: Bu hesaplama sadece 2008 sonras\u0131 mant\u0131\u011f\u0131n\u0131 g\u00f6sterir. Ger\u00e7ek maa\u015f\u0131n\u0131zda, 2000 \u00f6ncesi ve 2000-2008 aras\u0131 d\u00f6nemlerin k\u0131smi ayl\u0131klar\u0131 (A1, A2, A3) ayr\u0131 ayr\u0131 hesaplan\u0131p birle\u015ftirilir.<\/em><\/p>\n\n<h2>Stratejik Karar: Emekli Olmak m\u0131, \u00c7al\u0131\u015fmaya Devam Etmek mi?<\/h2>\n\n<p>Bir \u0130K Direkt\u00f6r\u00fc olarak bu karar\u0131 verirken \u015fu tabloyu kullanman\u0131z\u0131 \u00f6neririm:<\/p>\n\n<!-- Responsive Tablo -->\n<figure class=\"wp-block-table\">\n<table style=\"border-collapse: collapse; width: 100%;\">\n    <thead>\n        <tr style=\"background-color: #2c3e50; color: #ffffff;\">\n            <th style=\"padding: 10px; border: 1px solid #ddd;\">Durum<\/th>\n            <th style=\"padding: 10px; border: 1px solid #ddd;\">\u00d6neri<\/th>\n            <th style=\"padding: 10px; border: 1px solid #ddd;\">Neden?<\/th>\n        <\/tr>\n    <\/thead>\n    <tbody>\n        <tr>\n            <td style=\"padding: 10px; border: 1px solid #ddd;\">Primler Asgari \u00dccretten Yat\u0131yor<\/td>\n            <td style=\"padding: 10px; border: 1px solid #ddd;\"><strong>Emeklilik De\u011ferlendirilmeli<\/strong><\/td>\n            <td style=\"padding: 10px; border: 1px solid #ddd;\">D\u00fc\u015f\u00fck primler, ge\u00e7mi\u015fteki y\u00fcksek ABO&#8217;lu kazan\u00e7lar\u0131n ortalamas\u0131n\u0131 a\u015fa\u011f\u0131 \u00e7ekebilir.<\/td>\n        <\/tr>\n        <tr>\n            <td style=\"padding: 10px; border: 1px solid #ddd; background-color: #f9f9f9;\">Primler Tavandan Yat\u0131yor<\/td>\n            <td style=\"padding: 10px; border: 1px solid #ddd; background-color: #f9f9f9;\"><strong>\u00c7al\u0131\u015fmaya Devam Edilmeli<\/strong><\/td>\n            <td style=\"padding: 10px; border: 1px solid #ddd; background-color: #f9f9f9;\">Y\u00fcksek prim, ortalama kazanc\u0131 ve dolay\u0131s\u0131yla maa\u015f\u0131 yukar\u0131 ta\u015f\u0131r.<\/td>\n        <\/tr>\n        <tr>\n            <td style=\"padding: 10px; border: 1px solid #ddd;\">K\u0131dem Tazminat\u0131 Y\u00fcksek<\/td>\n            <td style=\"padding: 10px; border: 1px solid #ddd;\"><strong>Zamanlama \u00d6nemli<\/strong><\/td>\n            <td style=\"padding: 10px; border: 1px solid #ddd;\">K\u0131dem tavan\u0131ndaki art\u0131\u015f d\u00f6nemleri (Ocak\/Temmuz) takip edilerek ba\u015fvuru yap\u0131lmal\u0131.<\/td>\n        <\/tr>\n    <\/tbody>\n<\/table>\n<\/figure>\n\n<h2>S\u0131k\u00e7a Sorulan Sorular (FAQ)<\/h2>\n\n<h3>1. Emekli maa\u015f\u0131m ba\u011fland\u0131ktan sonra \u00e7al\u0131\u015f\u0131rsam maa\u015f\u0131m kesilir mi?<\/h3>\n<p>Genellikle hay\u0131r. \u00d6zel sekt\u00f6rde (4\/a stat\u00fcs\u00fcnde) Sosyal G\u00fcvenlik Destek Primi (SGDP) \u00f6deyerek \u00e7al\u0131\u015f\u0131rsan\u0131z, hem emekli maa\u015f\u0131n\u0131z\u0131 hem de i\u015fyerindeki maa\u015f\u0131n\u0131z\u0131 alabilirsiniz.<\/p>\n\n<h3>2. EYT ile emekli olup ayn\u0131 i\u015fyerinde devam edebilir miyim?<\/h3>\n<p>Evet. \u0130\u015fvereninizle anla\u015ft\u0131\u011f\u0131n\u0131z takdirde, \u00e7\u0131k\u0131\u015f-giri\u015f i\u015flemi yap\u0131larak ayn\u0131 g\u00fcn \u00e7al\u0131\u015fmaya devam edebilirsiniz. Bu, k\u0131dem tazminat\u0131n\u0131z\u0131 s\u0131f\u0131rlay\u0131p alman\u0131z\u0131 da sa\u011flar.<\/p>\n\n<h3>3. Son 3 y\u0131l maa\u015f\u0131m\u0131 y\u00fcksek g\u00f6sterirsem emekli maa\u015f\u0131m ciddi oranda artar m\u0131?<\/h3>\n<p>Yasal mevzuata g\u00f6re hesaplama t\u00fcm \u00e7al\u0131\u015fma hayat\u0131n\u0131 kapsar. Eskiden (S\u00fcper Emeklilik d\u00f6nemlerinde) son y\u0131llar \u00e7ok \u00f6nemliydi, ancak \u015fu anki sistemde sadece son y\u0131llar\u0131n y\u00fcksek olmas\u0131 maa\u015f\u0131 bekledi\u011finiz kadar art\u0131rmayabilir; ancak ortalamay\u0131 pozitif etkiler.<\/p>\n\n<h3>4. Emeklilik dilek\u00e7esini y\u0131l sonunda m\u0131, y\u0131l ba\u015f\u0131nda m\u0131 vermeliyim?<\/h3>\n<p>Bu, o y\u0131l\u0131n enflasyon ve b\u00fcy\u00fcme oranlar\u0131na g\u00f6re de\u011fi\u015fir. E\u011fer enflasyon \u00e7ok y\u00fcksekse, g\u00fcncelleme katsay\u0131s\u0131ndan yararlanmak i\u00e7in y\u0131l bitmeden veya yeni y\u0131la girince dilek\u00e7e vermek aras\u0131nda ciddi farklar olu\u015fabilir. (Her y\u0131l\u0131n Aral\u0131k ay\u0131nda uzman g\u00f6r\u00fc\u015f\u00fc al\u0131nmal\u0131d\u0131r).<\/p>\n\n<h2>Hata Yapma L\u00fcks\u00fcn\u00fcz Yok: G\u00fcncel Verilerle Hesaplay\u0131n<\/h2>\n\n<p>Emeklilik, finansal gelece\u011finizin temelidir. &#8220;Kom\u015fum \u015fu kadar ald\u0131&#8221; diyerek de\u011fil, kendi hizmet d\u00f6k\u00fcm\u00fcn\u00fczle hareket etmelisiniz. Her \u00e7al\u0131\u015fan\u0131n prim g\u00fcn da\u011f\u0131l\u0131m\u0131 parmak izi gibi benzersizdir.<\/p>\n\n<p>Maa\u015f\u0131n\u0131z\u0131n d\u00fc\u015f\u00fcp d\u00fc\u015fmeyece\u011fini ve en do\u011fru emeklilik tarihini \u00f6\u011frenmek i\u00e7in sitemizdeki robotu kullanabilirsiniz.<\/p>\n\n<!-- CTA Butonu -->\n<div style=\"text-align: center; margin-top: 30px; margin-bottom: 30px;\">\n    <a href=\"https:\/\/www.maasanaliz.com\/eyt-emeklilik-hesaplama.php\" style=\"background-color: #d32f2f; color: white; padding: 15px 30px; text-decoration: none; border-radius: 5px; font-weight: bold; font-size: 1.1em;\">\n        \ud83d\udc49 Emekli Maa\u015f\u0131 ve ABO Hesaplama Arac\u0131 \u0130\u00e7in T\u0131klay\u0131n\n    <\/a>\n<\/div>\n\n<!-- WordPress HTML Biti\u015fi -->\n","protected":false},"excerpt":{"rendered":"<p>\u00c7al\u0131\u015fma hayat\u0131n\u0131n son d\u00fczl\u00fc\u011f\u00fcne giren milyonlarca \u00e7al\u0131\u015fan\u0131n, \u00f6zellikle de EYT (Emeklilikte Ya\u015fa Tak\u0131lanlar) d\u00fczenlemesi sonras\u0131nda zihnini kurcalayan tek bir soru var: &#8220;Emekli maa\u015f\u0131 ba\u011flama oranlar\u0131 (ABO) nas\u0131l \u00e7al\u0131\u015f\u0131r ve ben \u00e7al\u0131\u015fmaya devam edersem maa\u015f\u0131m erir mi?&#8221; Bir \u0130nsan Kaynaklar\u0131 Direkt\u00f6r\u00fc olarak bu endi\u015feyi \u00e7ok s\u0131k duyuyorum ve hakl\u0131s\u0131n\u0131z; bu s\u00fcre\u00e7te verilecek yanl\u0131\u015f bir karar, \u00f6m\u00fcr [&hellip;]<\/p>\n","protected":false},"author":1,"featured_media":0,"comment_status":"open","ping_status":"open","sticky":false,"template":"","format":"standard","meta":{"footnotes":""},"categories":[5],"tags":[],"class_list":["post-47","post","type-post","status-publish","format-standard","hentry","category-emeklilik-ve-sgk"],"_links":{"self":[{"href":"https:\/\/www.maasanaliz.com\/blog\/wp-json\/wp\/v2\/posts\/47","targetHints":{"allow":["GET"]}}],"collection":[{"href":"https:\/\/www.maasanaliz.com\/blog\/wp-json\/wp\/v2\/posts"}],"about":[{"href":"https:\/\/www.maasanaliz.com\/blog\/wp-json\/wp\/v2\/types\/post"}],"author":[{"embeddable":true,"href":"https:\/\/www.maasanaliz.com\/blog\/wp-json\/wp\/v2\/users\/1"}],"replies":[{"embeddable":true,"href":"https:\/\/www.maasanaliz.com\/blog\/wp-json\/wp\/v2\/comments?post=47"}],"version-history":[{"count":3,"href":"https:\/\/www.maasanaliz.com\/blog\/wp-json\/wp\/v2\/posts\/47\/revisions"}],"predecessor-version":[{"id":51,"href":"https:\/\/www.maasanaliz.com\/blog\/wp-json\/wp\/v2\/posts\/47\/revisions\/51"}],"wp:attachment":[{"href":"https:\/\/www.maasanaliz.com\/blog\/wp-json\/wp\/v2\/media?parent=47"}],"wp:term":[{"taxonomy":"category","embeddable":true,"href":"https:\/\/www.maasanaliz.com\/blog\/wp-json\/wp\/v2\/categories?post=47"},{"taxonomy":"post_tag","embeddable":true,"href":"https:\/\/www.maasanaliz.com\/blog\/wp-json\/wp\/v2\/tags?post=47"}],"curies":[{"name":"wp","href":"https:\/\/api.w.org\/{rel}","templated":true}]}}